{"id":797,"date":"2020-03-22T18:45:16","date_gmt":"2020-03-22T18:45:16","guid":{"rendered":"http:\/\/machine-a-cafe.ma\/equipement-cafe-restaurant\/?p=797"},"modified":"2020-03-31T12:47:01","modified_gmt":"2020-03-31T12:47:01","slug":"test-fieldset-1er-clic","status":"publish","type":"post","link":"http:\/\/machine-a-cafe.ma\/equipement-cafe-restaurant\/test-fieldset-1er-clic\/","title":{"rendered":"test fieldset 1er clic"},"content":{"rendered":"<p class=\"wpcf7-contact-form-not-found\"><strong>Erreur\u00a0:<\/strong> Formulaire de contact non trouv\u00e9\u00a0!<\/p>\n\n\n<div class=\"wp-block-image\"><figure class=\"aligncenter size-large\"><img loading=\"lazy\" decoding=\"async\" width=\"960\" height=\"180\" src=\"http:\/\/machine-a-cafe.ma\/equipement-cafe-restaurant\/wp-content\/uploads\/2020\/03\/1.jpg\" alt=\"\" class=\"wp-image-368\" srcset=\"http:\/\/machine-a-cafe.ma\/equipement-cafe-restaurant\/wp-content\/uploads\/2020\/03\/1.jpg 960w, http:\/\/machine-a-cafe.ma\/equipement-cafe-restaurant\/wp-content\/uploads\/2020\/03\/1-300x56.jpg 300w, http:\/\/machine-a-cafe.ma\/equipement-cafe-restaurant\/wp-content\/uploads\/2020\/03\/1-768x144.jpg 768w\" sizes=\"auto, (max-width: 960px) 100vw, 960px\" \/><\/figure><\/div>\n\n\n<div class=\"su-row\"><div class=\"su-column su-column-size-1-2\"><div class=\"su-column-inner su-u-clearfix su-u-trim\">\n<fieldset class=\"cadre\">\n<legend><a href=\"http:\/\/distri-kahwa.ma\/materiel-professionnel\/\">Armoire<\/a><br><\/legend>\n<figure class=\"wp-block-image size-large\"><a href=\"https:\/\/www.eberhardt-pro.fr\/\"><img decoding=\"async\" class=\"wp-image-666 aligncenter\" src=\"https:\/\/www.eberhardt-pro.fr\/c\/4-medium_default\/armoires.jpg\" alt=\"\"><\/a><\/figure>\n<p style=\"text-align: justify;\">Refrig\u00e9rateur, Banque de froid, machine \u00e0 glace&#8230;.<\/p>\n<h2 style=\"padding: 0px;\"><a href=\"http:\/\/distri-kahwa.ma\/materiel-professionnel\/devis-animo-combiline\/\" target=\"_blank\" rel=\"noopener noreferrer\"><button class=\"btn1\">Toute la Gamme<\/button> <\/a><\/h2>\n<\/fieldset>\n<\/div><\/div><div class=\"su-column su-column-size-1-2\"><div class=\"su-column-inner su-u-clearfix su-u-trim\">\n<fieldset class=\"cadrearticle\">\n<legend><a href=\"http:\/\/distri-kahwa.ma\/materiel-professionnel\/\"> Coffre<\/a><br><\/legend>\n<figure class=\"wp-block-image size-large\"><a href=\"https:\/\/www.eberhardt-pro.fr\/\"><img decoding=\"async\" class=\"wp-image-666 aligncenter\" src=\"https:\/\/www.eberhardt-pro.fr\/c\/20-medium_default\/coffres.jpg\" alt=\"\"><\/a><\/figure>\n<p style=\"text-align: justify;\">Fours, Cuisini\u00e8re, Pizza, Plaque induction&#8230;<\/p>\n<h2 style=\"padding: 0px;\"><a href=\"http:\/\/distri-kahwa.ma\/materiel-professionnel\/devis-animo-combiline\/\" target=\"_blank\" rel=\"noopener noreferrer\"><button class=\"btn1\">Toute la Gamme<\/button> <\/a><\/h2>\n<\/fieldset>\n<\/div><\/div><\/div>\n<div class=\"su-row\"><div class=\"su-column su-column-size-1-2\"><div class=\"su-column-inner su-u-clearfix su-u-trim\">\n<fieldset class=\"cadre\">\n<legend><a href=\"http:\/\/distri-kahwa.ma\/materiel-professionnel\/\">Meuble R\u00e9frig\u00e9r\u00e9<\/a><br><\/legend>\n<figure class=\"wp-block-image size-large\"><a href=\"https:\/\/www.eberhardt-pro.fr\/\"><img decoding=\"async\" class=\"wp-image-666 aligncenter\" src=\"https:\/\/www.eberhardt-pro.fr\/c\/25-medium_default\/meubles-refrigeres.jpg\" alt=\"\"><\/a><\/figure>\n<p style=\"text-align: justify;\">Armoires, Etag\u00e8res, Table, Plonge, Chariot&#8230;<\/p>\n<h2 style=\"padding: 0px;\"><a href=\"http:\/\/distri-kahwa.ma\/materiel-professionnel\/devis-animo-combiline\/\" target=\"_blank\" rel=\"noopener noreferrer\"><button class=\"btn1\">Toute la Gamme<\/button> <\/a><\/h2>\n<\/fieldset>\n<\/div><\/div><div class=\"su-column su-column-size-1-2\"><div class=\"su-column-inner su-u-clearfix su-u-trim\">\n<fieldset class=\"cadre\">\n<legend><a href=\"http:\/\/distri-kahwa.ma\/materiel-professionnel\/\">Cellule de froid<\/a><br><\/legend>\n<figure class=\"wp-block-image size-large\">\n<figure style=\"width: 170px\" class=\"wp-caption aligncenter\"><img loading=\"lazy\" decoding=\"async\" class=\"size-medium\" src=\"https:\/\/www.eberhardt-pro.fr\/c\/30-medium_default\/cellules.jpg\" alt=\"cellule froid\" width=\"170\" height=\"170\"><figcaption class=\"wp-caption-text\">cellule froid<\/figcaption><\/figure><br>\n<\/figure>\n<p style=\"text-align: justify;\">Lave Vaisselle, Lave Verre, \u00e0 Capot, Automatique&#8230;<\/p>\n<h2 style=\"padding: 0px;\"><a href=\"http:\/\/distri-kahwa.ma\/materiel-professionnel\/devis-animo-combiline\/\" target=\"_blank\" rel=\"noopener noreferrer\"><button class=\"btn1\">Toute la Gamme<\/button> <\/a><\/h2>\n<\/fieldset>\n<\/div><\/div><\/div>\n<p class=\"wpcf7-contact-form-not-found\"><strong>Erreur\u00a0:<\/strong> Formulaire de contact non trouv\u00e9\u00a0!<\/p>","protected":false},"excerpt":{"rendered":"","protected":false},"author":1,"featured_media":0,"comment_status":"closed","ping_status":"open","sticky":false,"template":"","format":"standard","meta":{"footnotes":""},"categories":[1],"tags":[],"class_list":["post-797","post","type-post","status-publish","format-standard","hentry","category-uncategorized"],"_links":{"self":[{"href":"http:\/\/machine-a-cafe.ma\/equipement-cafe-restaurant\/wp-json\/wp\/v2\/posts\/797","targetHints":{"allow":["GET"]}}],"collection":[{"href":"http:\/\/machine-a-cafe.ma\/equipement-cafe-restaurant\/wp-json\/wp\/v2\/posts"}],"about":[{"href":"http:\/\/machine-a-cafe.ma\/equipement-cafe-restaurant\/wp-json\/wp\/v2\/types\/post"}],"author":[{"embeddable":true,"href":"http:\/\/machine-a-cafe.ma\/equipement-cafe-restaurant\/wp-json\/wp\/v2\/users\/1"}],"replies":[{"embeddable":true,"href":"http:\/\/machine-a-cafe.ma\/equipement-cafe-restaurant\/wp-json\/wp\/v2\/comments?post=797"}],"version-history":[{"count":21,"href":"http:\/\/machine-a-cafe.ma\/equipement-cafe-restaurant\/wp-json\/wp\/v2\/posts\/797\/revisions"}],"predecessor-version":[{"id":1075,"href":"http:\/\/machine-a-cafe.ma\/equipement-cafe-restaurant\/wp-json\/wp\/v2\/posts\/797\/revisions\/1075"}],"wp:attachment":[{"href":"http:\/\/machine-a-cafe.ma\/equipement-cafe-restaurant\/wp-json\/wp\/v2\/media?parent=797"}],"wp:term":[{"taxonomy":"category","embeddable":true,"href":"http:\/\/machine-a-cafe.ma\/equipement-cafe-restaurant\/wp-json\/wp\/v2\/categories?post=797"},{"taxonomy":"post_tag","embeddable":true,"href":"http:\/\/machine-a-cafe.ma\/equipement-cafe-restaurant\/wp-json\/wp\/v2\/tags?post=797"}],"curies":[{"name":"wp","href":"https:\/\/api.w.org\/{rel}","templated":true}]}}